{"id":990,"date":"2025-09-17T11:07:43","date_gmt":"2025-09-17T09:07:43","guid":{"rendered":"https:\/\/display-messebau.de\/?p=990"},"modified":"2025-11-08T10:23:48","modified_gmt":"2025-11-08T09:23:48","slug":"bauwatch-husum-wind-husum-2","status":"publish","type":"post","link":"https:\/\/display-messebau.de\/en\/bauwatch-husum-wind-husum-2\/","title":{"rendered":"Hochtief Kontec Dresden"},"content":{"rendered":"<div data-elementor-type=\"wp-post\" data-elementor-id=\"990\" class=\"elementor elementor-990\" data-elementor-post-type=\"post\">\n\t\t\t\t<div class=\"elementor-element elementor-element-f0d2b6c e-flex e-con-boxed e-con e-parent\" data-id=\"f0d2b6c\" data-element_type=\"container\" data-e-type=\"container\">\n\t\t\t\t\t<div class=\"e-con-inner\">\n\t\t\t\t<div class=\"elementor-element elementor-element-137497f elementor-widget elementor-widget-heading\" data-id=\"137497f\" data-element_type=\"widget\" data-e-type=\"widget\" data-widget_type=\"heading.default\">\n\t\t\t\t<div class=\"elementor-widget-container\">\n\t\t\t\t\t<h2 class=\"elementor-heading-title elementor-size-default\">HOCHTIEF auf der KONTEC 2025<\/h2>\t\t\t\t<\/div>\n\t\t\t\t<\/div>\n\t\t\t\t<div class=\"elementor-element elementor-element-a449a0d elementor-widget elementor-widget-text-editor\" data-id=\"a449a0d\" data-element_type=\"widget\" data-e-type=\"widget\" data-widget_type=\"text-editor.default\">\n\t\t\t\t<div class=\"elementor-widget-container\">\n\t\t\t\t\t\t\t\t\t<p data-start=\"200\" data-end=\"341\">Von der ersten Skizze bis zum finalen Aufbau: F\u00fcr unseren Kunden Hochtief haben wir den Messestand auf der Kontec realisiert.<\/p><p data-start=\"343\" data-end=\"606\">Als Messebauer lag unser Fokus darauf, Funktionalit\u00e4t, Design und Markenauftritt optimal miteinander zu verbinden. Jede Komponente \u2013 von der Standarchitektur \u00fcber die Beleuchtung bis zu den Pr\u00e4sentationsfl\u00e4chen \u2013 wurde von uns pr\u00e4zise geplant und umgesetzt.<\/p><p data-start=\"608\" data-end=\"891\">Wir haben Materialien ausgew\u00e4hlt, Konstruktionen gepr\u00fcft und den Aufbau vor Ort koordiniert, sodass der Stand termingerecht und stabil bereitstand. Das Ergebnis ist ein Messestand, der nicht nur optisch \u00fcberzeugt, sondern auch den t\u00e4glichen Messebetrieb problemlos unterst\u00fctzt.<\/p>\t\t\t\t\t\t\t\t<\/div>\n\t\t\t\t<\/div>\n\t\t\t\t\t<\/div>\n\t\t\t\t<\/div>\n\t\t<div class=\"elementor-element elementor-element-71bd179 e-flex e-con-boxed e-con e-parent\" data-id=\"71bd179\" data-element_type=\"container\" data-e-type=\"container\">\n\t\t\t\t\t<div class=\"e-con-inner\">\n\t\t\t\t\t<\/div>\n\t\t\t\t<\/div>\n\t\t<div class=\"elementor-element elementor-element-8777766 e-con-full e-flex e-con e-parent\" data-id=\"8777766\" data-element_type=\"container\" data-e-type=\"container\">\n\t\t\t\t<div class=\"elementor-element elementor-element-72221fd elementor-widget elementor-widget-gallery\" data-id=\"72221fd\" data-element_type=\"widget\" data-e-type=\"widget\" data-settings=\"{&quot;aspect_ratio&quot;:&quot;1:1&quot;,&quot;lazyload&quot;:&quot;yes&quot;,&quot;gallery_layout&quot;:&quot;grid&quot;,&quot;columns&quot;:4,&quot;columns_tablet&quot;:2,&quot;columns_mobile&quot;:1,&quot;gap&quot;:{&quot;unit&quot;:&quot;px&quot;,&quot;size&quot;:10,&quot;sizes&quot;:[]},&quot;gap_tablet&quot;:{&quot;unit&quot;:&quot;px&quot;,&quot;size&quot;:10,&quot;sizes&quot;:[]},&quot;gap_mobile&quot;:{&quot;unit&quot;:&quot;px&quot;,&quot;size&quot;:10,&quot;sizes&quot;:[]},&quot;link_to&quot;:&quot;file&quot;,&quot;overlay_background&quot;:&quot;yes&quot;,&quot;content_hover_animation&quot;:&quot;fade-in&quot;}\" data-widget_type=\"gallery.default\">\n\t\t\t\t<div class=\"elementor-widget-container\">\n\t\t\t\t\t\t\t<div class=\"elementor-gallery__container\">\n\t\t\t\t\t\t\t<a class=\"e-gallery-item elementor-gallery-item elementor-animated-content\" href=\"https:\/\/display-messebau.de\/wp-content\/uploads\/2025\/09\/1.jpg\" data-elementor-open-lightbox=\"yes\" data-elementor-lightbox-slideshow=\"72221fd\" data-e-action-hash=\"#elementor-action%3Aaction%3Dlightbox%26settings%3DeyJpZCI6OTkxLCJ1cmwiOiJodHRwczpcL1wvZGlzcGxheS1tZXNzZWJhdS5kZVwvd3AtY29udGVudFwvdXBsb2Fkc1wvMjAyNVwvMDlcLzEuanBnIiwic2xpZGVzaG93IjoiNzIyMjFmZCJ9\">\n\t\t\t\t\t<div class=\"e-gallery-image elementor-gallery-item__image\" data-thumbnail=\"https:\/\/display-messebau.de\/wp-content\/uploads\/2025\/09\/1.jpg\" data-width=\"1372\" data-height=\"1140\" aria-label=\"\" role=\"img\" ><\/div>\n\t\t\t\t\t\t\t\t\t\t\t<div class=\"elementor-gallery-item__overlay\"><\/div>\n\t\t\t\t\t\t\t\t\t\t\t\t\t\t<\/a>\n\t\t\t\t\t\t\t<a class=\"e-gallery-item elementor-gallery-item elementor-animated-content\" href=\"https:\/\/display-messebau.de\/wp-content\/uploads\/2025\/09\/2.jpg\" data-elementor-open-lightbox=\"yes\" data-elementor-lightbox-slideshow=\"72221fd\" data-e-action-hash=\"#elementor-action%3Aaction%3Dlightbox%26settings%3DeyJpZCI6OTkyLCJ1cmwiOiJodHRwczpcL1wvZGlzcGxheS1tZXNzZWJhdS5kZVwvd3AtY29udGVudFwvdXBsb2Fkc1wvMjAyNVwvMDlcLzIuanBnIiwic2xpZGVzaG93IjoiNzIyMjFmZCJ9\">\n\t\t\t\t\t<div class=\"e-gallery-image elementor-gallery-item__image\" data-thumbnail=\"https:\/\/display-messebau.de\/wp-content\/uploads\/2025\/09\/2.jpg\" data-width=\"991\" data-height=\"1176\" aria-label=\"\" role=\"img\" ><\/div>\n\t\t\t\t\t\t\t\t\t\t\t<div class=\"elementor-gallery-item__overlay\"><\/div>\n\t\t\t\t\t\t\t\t\t\t\t\t\t\t<\/a>\n\t\t\t\t\t\t\t<a class=\"e-gallery-item elementor-gallery-item elementor-animated-content\" href=\"https:\/\/display-messebau.de\/wp-content\/uploads\/2025\/09\/3.jpg\" data-elementor-open-lightbox=\"yes\" data-elementor-lightbox-slideshow=\"72221fd\" data-e-action-hash=\"#elementor-action%3Aaction%3Dlightbox%26settings%3DeyJpZCI6OTkzLCJ1cmwiOiJodHRwczpcL1wvZGlzcGxheS1tZXNzZWJhdS5kZVwvd3AtY29udGVudFwvdXBsb2Fkc1wvMjAyNVwvMDlcLzMuanBnIiwic2xpZGVzaG93IjoiNzIyMjFmZCJ9\">\n\t\t\t\t\t<div class=\"e-gallery-image elementor-gallery-item__image\" data-thumbnail=\"https:\/\/display-messebau.de\/wp-content\/uploads\/2025\/09\/3.jpg\" data-width=\"1157\" data-height=\"1066\" aria-label=\"\" role=\"img\" ><\/div>\n\t\t\t\t\t\t\t\t\t\t\t<div class=\"elementor-gallery-item__overlay\"><\/div>\n\t\t\t\t\t\t\t\t\t\t\t\t\t\t<\/a>\n\t\t\t\t\t<\/div>\n\t\t\t\t\t<\/div>\n\t\t\t\t<\/div>\n\t\t\t\t<\/div>\n\t\t\t\t<\/div>","protected":false},"excerpt":{"rendered":"<p>HOCHTIEF auf der KONTEC 2025 Von der ersten Skizze bis zum finalen Aufbau: F\u00fcr unseren Kunden Hochtief haben wir den Messestand auf der Kontec realisiert. Als Messebauer lag unser Fokus darauf, Funktionalit\u00e4t, Design und Markenauftritt optimal miteinander zu verbinden. Jede Komponente \u2013 von der Standarchitektur \u00fcber die Beleuchtung bis zu den Pr\u00e4sentationsfl\u00e4chen \u2013 wurde von [&hellip;]<\/p>\n","protected":false},"author":3,"featured_media":991,"comment_status":"closed","ping_status":"closed","sticky":false,"template":"","format":"standard","meta":{"footnotes":""},"categories":[19],"tags":[],"class_list":["post-990","post","type-post","status-publish","format-standard","has-post-thumbnail","hentry","category-news"],"yoast_head":"<!-- This site is optimized with the Yoast SEO plugin v27.5 - https:\/\/yoast.com\/product\/yoast-seo-wordpress\/ -->\n<title>Hochtief Kontec Dresden - Display-Messebau GmbH in Essen<\/title>\n<meta name=\"robots\" content=\"index, follow, max-snippet:-1, max-image-preview:large, max-video-preview:-1\" \/>\n<link rel=\"canonical\" href=\"https:\/\/display-messebau.de\/en\/bauwatch-husum-wind-husum-2\/\" \/>\n<meta property=\"og:locale\" content=\"en_GB\" \/>\n<meta property=\"og:type\" content=\"article\" \/>\n<meta property=\"og:title\" content=\"Hochtief Kontec Dresden - Display-Messebau GmbH in Essen\" \/>\n<meta property=\"og:description\" content=\"HOCHTIEF auf der KONTEC 2025 Von der ersten Skizze bis zum finalen Aufbau: F\u00fcr unseren Kunden Hochtief haben wir den Messestand auf der Kontec realisiert. Als Messebauer lag unser Fokus darauf, Funktionalit\u00e4t, Design und Markenauftritt optimal miteinander zu verbinden. Jede Komponente \u2013 von der Standarchitektur \u00fcber die Beleuchtung bis zu den Pr\u00e4sentationsfl\u00e4chen \u2013 wurde von [&hellip;]\" \/>\n<meta property=\"og:url\" content=\"https:\/\/display-messebau.de\/en\/bauwatch-husum-wind-husum-2\/\" \/>\n<meta property=\"og:site_name\" content=\"Display-Messebau GmbH in Essen\" \/>\n<meta property=\"article:publisher\" content=\"https:\/\/www.facebook.com\/profile.php?id=61577078987966\" \/>\n<meta property=\"article:published_time\" content=\"2025-09-17T09:07:43+00:00\" \/>\n<meta property=\"article:modified_time\" content=\"2025-11-08T09:23:48+00:00\" \/>\n<meta property=\"og:image\" content=\"https:\/\/display-messebau.de\/wp-content\/uploads\/2025\/09\/1.jpg\" \/>\n\t<meta property=\"og:image:width\" content=\"1372\" \/>\n\t<meta property=\"og:image:height\" content=\"1140\" \/>\n\t<meta property=\"og:image:type\" content=\"image\/jpeg\" \/>\n<meta name=\"author\" content=\"Niederdellmann\" \/>\n<meta name=\"twitter:card\" content=\"summary_large_image\" \/>\n<meta name=\"twitter:label1\" content=\"Written by\" \/>\n\t<meta name=\"twitter:data1\" content=\"Niederdellmann\" \/>\n\t<meta name=\"twitter:label2\" content=\"Estimated reading time\" \/>\n\t<meta name=\"twitter:data2\" content=\"1 minute\" \/>\n<script type=\"application\/ld+json\" class=\"yoast-schema-graph\">{\"@context\":\"https:\\\/\\\/schema.org\",\"@graph\":[{\"@type\":\"Article\",\"@id\":\"https:\\\/\\\/display-messebau.de\\\/bauwatch-husum-wind-husum-2\\\/#article\",\"isPartOf\":{\"@id\":\"https:\\\/\\\/display-messebau.de\\\/bauwatch-husum-wind-husum-2\\\/\"},\"author\":{\"name\":\"Niederdellmann\",\"@id\":\"https:\\\/\\\/display-messebau.de\\\/#\\\/schema\\\/person\\\/ea79283c963803af238d4bccb17fa2b5\"},\"headline\":\"Hochtief Kontec Dresden\",\"datePublished\":\"2025-09-17T09:07:43+00:00\",\"dateModified\":\"2025-11-08T09:23:48+00:00\",\"mainEntityOfPage\":{\"@id\":\"https:\\\/\\\/display-messebau.de\\\/bauwatch-husum-wind-husum-2\\\/\"},\"wordCount\":105,\"publisher\":{\"@id\":\"https:\\\/\\\/display-messebau.de\\\/#organization\"},\"image\":{\"@id\":\"https:\\\/\\\/display-messebau.de\\\/bauwatch-husum-wind-husum-2\\\/#primaryimage\"},\"thumbnailUrl\":\"https:\\\/\\\/display-messebau.de\\\/wp-content\\\/uploads\\\/2025\\\/09\\\/1.jpg\",\"articleSection\":[\"News\"],\"inLanguage\":\"en-GB\"},{\"@type\":\"WebPage\",\"@id\":\"https:\\\/\\\/display-messebau.de\\\/bauwatch-husum-wind-husum-2\\\/\",\"url\":\"https:\\\/\\\/display-messebau.de\\\/bauwatch-husum-wind-husum-2\\\/\",\"name\":\"Hochtief Kontec Dresden - Display-Messebau GmbH in Essen\",\"isPartOf\":{\"@id\":\"https:\\\/\\\/display-messebau.de\\\/#website\"},\"primaryImageOfPage\":{\"@id\":\"https:\\\/\\\/display-messebau.de\\\/bauwatch-husum-wind-husum-2\\\/#primaryimage\"},\"image\":{\"@id\":\"https:\\\/\\\/display-messebau.de\\\/bauwatch-husum-wind-husum-2\\\/#primaryimage\"},\"thumbnailUrl\":\"https:\\\/\\\/display-messebau.de\\\/wp-content\\\/uploads\\\/2025\\\/09\\\/1.jpg\",\"datePublished\":\"2025-09-17T09:07:43+00:00\",\"dateModified\":\"2025-11-08T09:23:48+00:00\",\"breadcrumb\":{\"@id\":\"https:\\\/\\\/display-messebau.de\\\/bauwatch-husum-wind-husum-2\\\/#breadcrumb\"},\"inLanguage\":\"en-GB\",\"potentialAction\":[{\"@type\":\"ReadAction\",\"target\":[\"https:\\\/\\\/display-messebau.de\\\/bauwatch-husum-wind-husum-2\\\/\"]}]},{\"@type\":\"ImageObject\",\"inLanguage\":\"en-GB\",\"@id\":\"https:\\\/\\\/display-messebau.de\\\/bauwatch-husum-wind-husum-2\\\/#primaryimage\",\"url\":\"https:\\\/\\\/display-messebau.de\\\/wp-content\\\/uploads\\\/2025\\\/09\\\/1.jpg\",\"contentUrl\":\"https:\\\/\\\/display-messebau.de\\\/wp-content\\\/uploads\\\/2025\\\/09\\\/1.jpg\",\"width\":1372,\"height\":1140},{\"@type\":\"BreadcrumbList\",\"@id\":\"https:\\\/\\\/display-messebau.de\\\/bauwatch-husum-wind-husum-2\\\/#breadcrumb\",\"itemListElement\":[{\"@type\":\"ListItem\",\"position\":1,\"name\":\"Startseite\",\"item\":\"https:\\\/\\\/display-messebau.de\\\/\"},{\"@type\":\"ListItem\",\"position\":2,\"name\":\"Hochtief Kontec Dresden\"}]},{\"@type\":\"WebSite\",\"@id\":\"https:\\\/\\\/display-messebau.de\\\/#website\",\"url\":\"https:\\\/\\\/display-messebau.de\\\/\",\"name\":\"Display-Messebau GmbH in Essen\",\"description\":\"\",\"publisher\":{\"@id\":\"https:\\\/\\\/display-messebau.de\\\/#organization\"},\"potentialAction\":[{\"@type\":\"SearchAction\",\"target\":{\"@type\":\"EntryPoint\",\"urlTemplate\":\"https:\\\/\\\/display-messebau.de\\\/?s={search_term_string}\"},\"query-input\":{\"@type\":\"PropertyValueSpecification\",\"valueRequired\":true,\"valueName\":\"search_term_string\"}}],\"inLanguage\":\"en-GB\"},{\"@type\":\"Organization\",\"@id\":\"https:\\\/\\\/display-messebau.de\\\/#organization\",\"name\":\"Display-Messebau GmbH in Essen\",\"url\":\"https:\\\/\\\/display-messebau.de\\\/\",\"logo\":{\"@type\":\"ImageObject\",\"inLanguage\":\"en-GB\",\"@id\":\"https:\\\/\\\/display-messebau.de\\\/#\\\/schema\\\/logo\\\/image\\\/\",\"url\":\"https:\\\/\\\/display-messebau.de\\\/wp-content\\\/uploads\\\/2025\\\/06\\\/logo-display-neu2.png\",\"contentUrl\":\"https:\\\/\\\/display-messebau.de\\\/wp-content\\\/uploads\\\/2025\\\/06\\\/logo-display-neu2.png\",\"width\":1400,\"height\":533,\"caption\":\"Display-Messebau GmbH in Essen\"},\"image\":{\"@id\":\"https:\\\/\\\/display-messebau.de\\\/#\\\/schema\\\/logo\\\/image\\\/\"},\"sameAs\":[\"https:\\\/\\\/www.facebook.com\\\/profile.php?id=61577078987966\",\"https:\\\/\\\/www.instagram.com\\\/displaymessebaugmbh\\\/\",\"https:\\\/\\\/www.linkedin.com\\\/company\\\/display-messebau-gmbh\\\/\",\"https:\\\/\\\/www.youtube.com\\\/@display-messebau-gmbh\"]},{\"@type\":\"Person\",\"@id\":\"https:\\\/\\\/display-messebau.de\\\/#\\\/schema\\\/person\\\/ea79283c963803af238d4bccb17fa2b5\",\"name\":\"Niederdellmann\",\"image\":{\"@type\":\"ImageObject\",\"inLanguage\":\"en-GB\",\"@id\":\"https:\\\/\\\/secure.gravatar.com\\\/avatar\\\/205f222e4c650f96c1d21ed74acaef3cd9417b7895c75d11f49e7cc01dff48d5?s=96&d=mm&r=g\",\"url\":\"https:\\\/\\\/secure.gravatar.com\\\/avatar\\\/205f222e4c650f96c1d21ed74acaef3cd9417b7895c75d11f49e7cc01dff48d5?s=96&d=mm&r=g\",\"contentUrl\":\"https:\\\/\\\/secure.gravatar.com\\\/avatar\\\/205f222e4c650f96c1d21ed74acaef3cd9417b7895c75d11f49e7cc01dff48d5?s=96&d=mm&r=g\",\"caption\":\"Niederdellmann\"},\"url\":\"https:\\\/\\\/display-messebau.de\\\/en\\\/author\\\/niederdellmann\\\/\"}]}<\/script>\n<!-- \/ Yoast SEO plugin. -->","yoast_head_json":{"title":"Hochtief Kontec Dresden - Display-Messebau GmbH in Essen","robots":{"index":"index","follow":"follow","max-snippet":"max-snippet:-1","max-image-preview":"max-image-preview:large","max-video-preview":"max-video-preview:-1"},"canonical":"https:\/\/display-messebau.de\/en\/bauwatch-husum-wind-husum-2\/","og_locale":"en_GB","og_type":"article","og_title":"Hochtief Kontec Dresden - Display-Messebau GmbH in Essen","og_description":"HOCHTIEF auf der KONTEC 2025 Von der ersten Skizze bis zum finalen Aufbau: F\u00fcr unseren Kunden Hochtief haben wir den Messestand auf der Kontec realisiert. Als Messebauer lag unser Fokus darauf, Funktionalit\u00e4t, Design und Markenauftritt optimal miteinander zu verbinden. Jede Komponente \u2013 von der Standarchitektur \u00fcber die Beleuchtung bis zu den Pr\u00e4sentationsfl\u00e4chen \u2013 wurde von [&hellip;]","og_url":"https:\/\/display-messebau.de\/en\/bauwatch-husum-wind-husum-2\/","og_site_name":"Display-Messebau GmbH in Essen","article_publisher":"https:\/\/www.facebook.com\/profile.php?id=61577078987966","article_published_time":"2025-09-17T09:07:43+00:00","article_modified_time":"2025-11-08T09:23:48+00:00","og_image":[{"width":1372,"height":1140,"url":"https:\/\/display-messebau.de\/wp-content\/uploads\/2025\/09\/1.jpg","type":"image\/jpeg"}],"author":"Niederdellmann","twitter_card":"summary_large_image","twitter_misc":{"Written by":"Niederdellmann","Estimated reading time":"1 minute"},"schema":{"@context":"https:\/\/schema.org","@graph":[{"@type":"Article","@id":"https:\/\/display-messebau.de\/bauwatch-husum-wind-husum-2\/#article","isPartOf":{"@id":"https:\/\/display-messebau.de\/bauwatch-husum-wind-husum-2\/"},"author":{"name":"Niederdellmann","@id":"https:\/\/display-messebau.de\/#\/schema\/person\/ea79283c963803af238d4bccb17fa2b5"},"headline":"Hochtief Kontec Dresden","datePublished":"2025-09-17T09:07:43+00:00","dateModified":"2025-11-08T09:23:48+00:00","mainEntityOfPage":{"@id":"https:\/\/display-messebau.de\/bauwatch-husum-wind-husum-2\/"},"wordCount":105,"publisher":{"@id":"https:\/\/display-messebau.de\/#organization"},"image":{"@id":"https:\/\/display-messebau.de\/bauwatch-husum-wind-husum-2\/#primaryimage"},"thumbnailUrl":"https:\/\/display-messebau.de\/wp-content\/uploads\/2025\/09\/1.jpg","articleSection":["News"],"inLanguage":"en-GB"},{"@type":"WebPage","@id":"https:\/\/display-messebau.de\/bauwatch-husum-wind-husum-2\/","url":"https:\/\/display-messebau.de\/bauwatch-husum-wind-husum-2\/","name":"Hochtief Kontec Dresden - Display-Messebau GmbH in Essen","isPartOf":{"@id":"https:\/\/display-messebau.de\/#website"},"primaryImageOfPage":{"@id":"https:\/\/display-messebau.de\/bauwatch-husum-wind-husum-2\/#primaryimage"},"image":{"@id":"https:\/\/display-messebau.de\/bauwatch-husum-wind-husum-2\/#primaryimage"},"thumbnailUrl":"https:\/\/display-messebau.de\/wp-content\/uploads\/2025\/09\/1.jpg","datePublished":"2025-09-17T09:07:43+00:00","dateModified":"2025-11-08T09:23:48+00:00","breadcrumb":{"@id":"https:\/\/display-messebau.de\/bauwatch-husum-wind-husum-2\/#breadcrumb"},"inLanguage":"en-GB","potentialAction":[{"@type":"ReadAction","target":["https:\/\/display-messebau.de\/bauwatch-husum-wind-husum-2\/"]}]},{"@type":"ImageObject","inLanguage":"en-GB","@id":"https:\/\/display-messebau.de\/bauwatch-husum-wind-husum-2\/#primaryimage","url":"https:\/\/display-messebau.de\/wp-content\/uploads\/2025\/09\/1.jpg","contentUrl":"https:\/\/display-messebau.de\/wp-content\/uploads\/2025\/09\/1.jpg","width":1372,"height":1140},{"@type":"BreadcrumbList","@id":"https:\/\/display-messebau.de\/bauwatch-husum-wind-husum-2\/#breadcrumb","itemListElement":[{"@type":"ListItem","position":1,"name":"Startseite","item":"https:\/\/display-messebau.de\/"},{"@type":"ListItem","position":2,"name":"Hochtief Kontec Dresden"}]},{"@type":"WebSite","@id":"https:\/\/display-messebau.de\/#website","url":"https:\/\/display-messebau.de\/","name":"Display-Messebau GmbH in Essen","description":"","publisher":{"@id":"https:\/\/display-messebau.de\/#organization"},"potentialAction":[{"@type":"SearchAction","target":{"@type":"EntryPoint","urlTemplate":"https:\/\/display-messebau.de\/?s={search_term_string}"},"query-input":{"@type":"PropertyValueSpecification","valueRequired":true,"valueName":"search_term_string"}}],"inLanguage":"en-GB"},{"@type":"Organization","@id":"https:\/\/display-messebau.de\/#organization","name":"Display-Messebau GmbH in Essen","url":"https:\/\/display-messebau.de\/","logo":{"@type":"ImageObject","inLanguage":"en-GB","@id":"https:\/\/display-messebau.de\/#\/schema\/logo\/image\/","url":"https:\/\/display-messebau.de\/wp-content\/uploads\/2025\/06\/logo-display-neu2.png","contentUrl":"https:\/\/display-messebau.de\/wp-content\/uploads\/2025\/06\/logo-display-neu2.png","width":1400,"height":533,"caption":"Display-Messebau GmbH in Essen"},"image":{"@id":"https:\/\/display-messebau.de\/#\/schema\/logo\/image\/"},"sameAs":["https:\/\/www.facebook.com\/profile.php?id=61577078987966","https:\/\/www.instagram.com\/displaymessebaugmbh\/","https:\/\/www.linkedin.com\/company\/display-messebau-gmbh\/","https:\/\/www.youtube.com\/@display-messebau-gmbh"]},{"@type":"Person","@id":"https:\/\/display-messebau.de\/#\/schema\/person\/ea79283c963803af238d4bccb17fa2b5","name":"Niederdellmann","image":{"@type":"ImageObject","inLanguage":"en-GB","@id":"https:\/\/secure.gravatar.com\/avatar\/205f222e4c650f96c1d21ed74acaef3cd9417b7895c75d11f49e7cc01dff48d5?s=96&d=mm&r=g","url":"https:\/\/secure.gravatar.com\/avatar\/205f222e4c650f96c1d21ed74acaef3cd9417b7895c75d11f49e7cc01dff48d5?s=96&d=mm&r=g","contentUrl":"https:\/\/secure.gravatar.com\/avatar\/205f222e4c650f96c1d21ed74acaef3cd9417b7895c75d11f49e7cc01dff48d5?s=96&d=mm&r=g","caption":"Niederdellmann"},"url":"https:\/\/display-messebau.de\/en\/author\/niederdellmann\/"}]}},"_links":{"self":[{"href":"https:\/\/display-messebau.de\/en\/wp-json\/wp\/v2\/posts\/990","targetHints":{"allow":["GET"]}}],"collection":[{"href":"https:\/\/display-messebau.de\/en\/wp-json\/wp\/v2\/posts"}],"about":[{"href":"https:\/\/display-messebau.de\/en\/wp-json\/wp\/v2\/types\/post"}],"author":[{"embeddable":true,"href":"https:\/\/display-messebau.de\/en\/wp-json\/wp\/v2\/users\/3"}],"replies":[{"embeddable":true,"href":"https:\/\/display-messebau.de\/en\/wp-json\/wp\/v2\/comments?post=990"}],"version-history":[{"count":4,"href":"https:\/\/display-messebau.de\/en\/wp-json\/wp\/v2\/posts\/990\/revisions"}],"predecessor-version":[{"id":997,"href":"https:\/\/display-messebau.de\/en\/wp-json\/wp\/v2\/posts\/990\/revisions\/997"}],"wp:featuredmedia":[{"embeddable":true,"href":"https:\/\/display-messebau.de\/en\/wp-json\/wp\/v2\/media\/991"}],"wp:attachment":[{"href":"https:\/\/display-messebau.de\/en\/wp-json\/wp\/v2\/media?parent=990"}],"wp:term":[{"taxonomy":"category","embeddable":true,"href":"https:\/\/display-messebau.de\/en\/wp-json\/wp\/v2\/categories?post=990"},{"taxonomy":"post_tag","embeddable":true,"href":"https:\/\/display-messebau.de\/en\/wp-json\/wp\/v2\/tags?post=990"}],"curies":[{"name":"wp","href":"https:\/\/api.w.org\/{rel}","templated":true}]}}