{"id":929,"date":"2025-09-02T14:33:39","date_gmt":"2025-09-02T12:33:39","guid":{"rendered":"https:\/\/display-messebau.de\/?p=929"},"modified":"2025-11-08T10:24:18","modified_gmt":"2025-11-08T09:24:18","slug":"surteco","status":"publish","type":"post","link":"https:\/\/display-messebau.de\/en\/surteco\/","title":{"rendered":"SURTECO CARAVAN SALON D\u00dcSSELDORF"},"content":{"rendered":"<div data-elementor-type=\"wp-post\" data-elementor-id=\"929\" class=\"elementor elementor-929\" data-elementor-post-type=\"post\">\n\t\t\t\t<div class=\"elementor-element elementor-element-f0d2b6c e-flex e-con-boxed e-con e-parent\" data-id=\"f0d2b6c\" data-element_type=\"container\" data-e-type=\"container\">\n\t\t\t\t\t<div class=\"e-con-inner\">\n\t\t\t\t<div class=\"elementor-element elementor-element-137497f elementor-widget elementor-widget-heading\" data-id=\"137497f\" data-element_type=\"widget\" data-e-type=\"widget\" data-widget_type=\"heading.default\">\n\t\t\t\t<div class=\"elementor-widget-container\">\n\t\t\t\t\t<h2 class=\"elementor-heading-title elementor-size-default\">SURTECO auf dem Caravan Salon 2025<\/h2>\t\t\t\t<\/div>\n\t\t\t\t<\/div>\n\t\t\t\t<div class=\"elementor-element elementor-element-a449a0d elementor-widget elementor-widget-text-editor\" data-id=\"a449a0d\" data-element_type=\"widget\" data-e-type=\"widget\" data-widget_type=\"text-editor.default\">\n\t\t\t\t<div class=\"elementor-widget-container\">\n\t\t\t\t\t\t\t\t\t<p data-start=\"163\" data-end=\"426\">Als Messebauer haben wir den Stand der SURTECO Group auf dem Caravan Salon 2025 von der Planung bis zum Aufbau realisiert. Entstanden ist ein moderner Messestand, der die Markenidentit\u00e4t klar widerspiegelt und durch eine offene, einladende Gestaltung \u00fcberzeugt.<\/p><p data-start=\"428\" data-end=\"653\">Besonderes Augenmerk lag auf der Verbindung von Design und Funktionalit\u00e4t: klare Linien, hochwertige Materialien und durchdachte Rauml\u00f6sungen machen den Stand zu einem attraktiven Anlaufpunkt f\u00fcr Besucherinnen und Besucher.<\/p><p data-start=\"655\" data-end=\"779\">Wir sind stolz, mit diesem Projekt einen gelungenen Auftritt auf einer der wichtigsten Branchenmessen geschaffen zu haben.<\/p>\t\t\t\t\t\t\t\t<\/div>\n\t\t\t\t<\/div>\n\t\t\t\t\t<\/div>\n\t\t\t\t<\/div>\n\t\t<div class=\"elementor-element elementor-element-71bd179 e-flex e-con-boxed e-con e-parent\" data-id=\"71bd179\" data-element_type=\"container\" data-e-type=\"container\">\n\t\t\t\t\t<div class=\"e-con-inner\">\n\t\t\t\t\t<\/div>\n\t\t\t\t<\/div>\n\t\t<div class=\"elementor-element elementor-element-8777766 e-con-full e-flex e-con e-parent\" data-id=\"8777766\" data-element_type=\"container\" data-e-type=\"container\">\n\t\t\t\t<div class=\"elementor-element elementor-element-72221fd elementor-widget elementor-widget-gallery\" data-id=\"72221fd\" data-element_type=\"widget\" data-e-type=\"widget\" data-settings=\"{&quot;aspect_ratio&quot;:&quot;1:1&quot;,&quot;lazyload&quot;:&quot;yes&quot;,&quot;gallery_layout&quot;:&quot;grid&quot;,&quot;columns&quot;:4,&quot;columns_tablet&quot;:2,&quot;columns_mobile&quot;:1,&quot;gap&quot;:{&quot;unit&quot;:&quot;px&quot;,&quot;size&quot;:10,&quot;sizes&quot;:[]},&quot;gap_tablet&quot;:{&quot;unit&quot;:&quot;px&quot;,&quot;size&quot;:10,&quot;sizes&quot;:[]},&quot;gap_mobile&quot;:{&quot;unit&quot;:&quot;px&quot;,&quot;size&quot;:10,&quot;sizes&quot;:[]},&quot;link_to&quot;:&quot;file&quot;,&quot;overlay_background&quot;:&quot;yes&quot;,&quot;content_hover_animation&quot;:&quot;fade-in&quot;}\" data-widget_type=\"gallery.default\">\n\t\t\t\t<div class=\"elementor-widget-container\">\n\t\t\t\t\t\t\t<div class=\"elementor-gallery__container\">\n\t\t\t\t\t\t\t<a class=\"e-gallery-item elementor-gallery-item elementor-animated-content\" href=\"https:\/\/display-messebau.de\/wp-content\/uploads\/2025\/09\/Caranvan_2025_Booth_IMG1-scaled.jpg\" data-elementor-open-lightbox=\"yes\" data-elementor-lightbox-slideshow=\"72221fd\" data-e-action-hash=\"#elementor-action%3Aaction%3Dlightbox%26settings%3DeyJpZCI6OTMxLCJ1cmwiOiJodHRwczpcL1wvZGlzcGxheS1tZXNzZWJhdS5kZVwvd3AtY29udGVudFwvdXBsb2Fkc1wvMjAyNVwvMDlcL0NhcmFudmFuXzIwMjVfQm9vdGhfSU1HMS1zY2FsZWQuanBnIiwic2xpZGVzaG93IjoiNzIyMjFmZCJ9\">\n\t\t\t\t\t<div class=\"e-gallery-image elementor-gallery-item__image\" data-thumbnail=\"https:\/\/display-messebau.de\/wp-content\/uploads\/2025\/09\/Caranvan_2025_Booth_IMG1-scaled.jpg\" data-width=\"1800\" data-height=\"2560\" aria-label=\"\" role=\"img\" ><\/div>\n\t\t\t\t\t\t\t\t\t\t\t<div class=\"elementor-gallery-item__overlay\"><\/div>\n\t\t\t\t\t\t\t\t\t\t\t\t\t\t<\/a>\n\t\t\t\t\t\t\t<a class=\"e-gallery-item elementor-gallery-item elementor-animated-content\" href=\"https:\/\/display-messebau.de\/wp-content\/uploads\/2025\/09\/Caranvan_2025_Booth_IMG2-scaled.jpg\" data-elementor-open-lightbox=\"yes\" data-elementor-lightbox-slideshow=\"72221fd\" data-e-action-hash=\"#elementor-action%3Aaction%3Dlightbox%26settings%3DeyJpZCI6OTMyLCJ1cmwiOiJodHRwczpcL1wvZGlzcGxheS1tZXNzZWJhdS5kZVwvd3AtY29udGVudFwvdXBsb2Fkc1wvMjAyNVwvMDlcL0NhcmFudmFuXzIwMjVfQm9vdGhfSU1HMi1zY2FsZWQuanBnIiwic2xpZGVzaG93IjoiNzIyMjFmZCJ9\">\n\t\t\t\t\t<div class=\"e-gallery-image elementor-gallery-item__image\" data-thumbnail=\"https:\/\/display-messebau.de\/wp-content\/uploads\/2025\/09\/Caranvan_2025_Booth_IMG2-scaled.jpg\" data-width=\"1800\" data-height=\"2560\" aria-label=\"\" role=\"img\" ><\/div>\n\t\t\t\t\t\t\t\t\t\t\t<div class=\"elementor-gallery-item__overlay\"><\/div>\n\t\t\t\t\t\t\t\t\t\t\t\t\t\t<\/a>\n\t\t\t\t\t\t\t<a class=\"e-gallery-item elementor-gallery-item elementor-animated-content\" href=\"https:\/\/display-messebau.de\/wp-content\/uploads\/2025\/09\/Caranvan_2025_Booth_IMG4-scaled.jpg\" data-elementor-open-lightbox=\"yes\" data-elementor-lightbox-slideshow=\"72221fd\" data-e-action-hash=\"#elementor-action%3Aaction%3Dlightbox%26settings%3DeyJpZCI6OTMzLCJ1cmwiOiJodHRwczpcL1wvZGlzcGxheS1tZXNzZWJhdS5kZVwvd3AtY29udGVudFwvdXBsb2Fkc1wvMjAyNVwvMDlcL0NhcmFudmFuXzIwMjVfQm9vdGhfSU1HNC1zY2FsZWQuanBnIiwic2xpZGVzaG93IjoiNzIyMjFmZCJ9\">\n\t\t\t\t\t<div class=\"e-gallery-image elementor-gallery-item__image\" data-thumbnail=\"https:\/\/display-messebau.de\/wp-content\/uploads\/2025\/09\/Caranvan_2025_Booth_IMG4-scaled.jpg\" data-width=\"1800\" data-height=\"2560\" aria-label=\"\" role=\"img\" ><\/div>\n\t\t\t\t\t\t\t\t\t\t\t<div class=\"elementor-gallery-item__overlay\"><\/div>\n\t\t\t\t\t\t\t\t\t\t\t\t\t\t<\/a>\n\t\t\t\t\t\t\t<a class=\"e-gallery-item elementor-gallery-item elementor-animated-content\" href=\"https:\/\/display-messebau.de\/wp-content\/uploads\/2025\/09\/Caranvan_2025_Booth_IMG5-scaled.jpg\" data-elementor-open-lightbox=\"yes\" data-elementor-lightbox-slideshow=\"72221fd\" data-e-action-hash=\"#elementor-action%3Aaction%3Dlightbox%26settings%3DeyJpZCI6OTM0LCJ1cmwiOiJodHRwczpcL1wvZGlzcGxheS1tZXNzZWJhdS5kZVwvd3AtY29udGVudFwvdXBsb2Fkc1wvMjAyNVwvMDlcL0NhcmFudmFuXzIwMjVfQm9vdGhfSU1HNS1zY2FsZWQuanBnIiwic2xpZGVzaG93IjoiNzIyMjFmZCJ9\">\n\t\t\t\t\t<div class=\"e-gallery-image elementor-gallery-item__image\" data-thumbnail=\"https:\/\/display-messebau.de\/wp-content\/uploads\/2025\/09\/Caranvan_2025_Booth_IMG5-scaled.jpg\" data-width=\"1800\" data-height=\"2560\" aria-label=\"\" role=\"img\" ><\/div>\n\t\t\t\t\t\t\t\t\t\t\t<div class=\"elementor-gallery-item__overlay\"><\/div>\n\t\t\t\t\t\t\t\t\t\t\t\t\t\t<\/a>\n\t\t\t\t\t\t\t<a class=\"e-gallery-item elementor-gallery-item elementor-animated-content\" href=\"https:\/\/display-messebau.de\/wp-content\/uploads\/2025\/09\/Caranvan_2025_Booth_IMG8-scaled.jpg\" data-elementor-open-lightbox=\"yes\" data-elementor-lightbox-slideshow=\"72221fd\" data-e-action-hash=\"#elementor-action%3Aaction%3Dlightbox%26settings%3DeyJpZCI6OTM2LCJ1cmwiOiJodHRwczpcL1wvZGlzcGxheS1tZXNzZWJhdS5kZVwvd3AtY29udGVudFwvdXBsb2Fkc1wvMjAyNVwvMDlcL0NhcmFudmFuXzIwMjVfQm9vdGhfSU1HOC1zY2FsZWQuanBnIiwic2xpZGVzaG93IjoiNzIyMjFmZCJ9\">\n\t\t\t\t\t<div class=\"e-gallery-image elementor-gallery-item__image\" data-thumbnail=\"https:\/\/display-messebau.de\/wp-content\/uploads\/2025\/09\/Caranvan_2025_Booth_IMG8-scaled.jpg\" data-width=\"1800\" data-height=\"2560\" aria-label=\"\" role=\"img\" ><\/div>\n\t\t\t\t\t\t\t\t\t\t\t<div class=\"elementor-gallery-item__overlay\"><\/div>\n\t\t\t\t\t\t\t\t\t\t\t\t\t\t<\/a>\n\t\t\t\t\t\t\t<a class=\"e-gallery-item elementor-gallery-item elementor-animated-content\" href=\"https:\/\/display-messebau.de\/wp-content\/uploads\/2025\/09\/Caranvan_2025_Booth_IMG9-scaled.jpg\" data-elementor-open-lightbox=\"yes\" data-elementor-lightbox-slideshow=\"72221fd\" data-e-action-hash=\"#elementor-action%3Aaction%3Dlightbox%26settings%3DeyJpZCI6OTM3LCJ1cmwiOiJodHRwczpcL1wvZGlzcGxheS1tZXNzZWJhdS5kZVwvd3AtY29udGVudFwvdXBsb2Fkc1wvMjAyNVwvMDlcL0NhcmFudmFuXzIwMjVfQm9vdGhfSU1HOS1zY2FsZWQuanBnIiwic2xpZGVzaG93IjoiNzIyMjFmZCJ9\">\n\t\t\t\t\t<div class=\"e-gallery-image elementor-gallery-item__image\" data-thumbnail=\"https:\/\/display-messebau.de\/wp-content\/uploads\/2025\/09\/Caranvan_2025_Booth_IMG9-scaled.jpg\" data-width=\"1800\" data-height=\"2560\" aria-label=\"\" role=\"img\" ><\/div>\n\t\t\t\t\t\t\t\t\t\t\t<div class=\"elementor-gallery-item__overlay\"><\/div>\n\t\t\t\t\t\t\t\t\t\t\t\t\t\t<\/a>\n\t\t\t\t\t\t\t<a class=\"e-gallery-item elementor-gallery-item elementor-animated-content\" href=\"https:\/\/display-messebau.de\/wp-content\/uploads\/2025\/09\/Caranvan_2025_Booth_IMG6-scaled.jpg\" data-elementor-open-lightbox=\"yes\" data-elementor-lightbox-slideshow=\"72221fd\" data-e-action-hash=\"#elementor-action%3Aaction%3Dlightbox%26settings%3DeyJpZCI6OTM1LCJ1cmwiOiJodHRwczpcL1wvZGlzcGxheS1tZXNzZWJhdS5kZVwvd3AtY29udGVudFwvdXBsb2Fkc1wvMjAyNVwvMDlcL0NhcmFudmFuXzIwMjVfQm9vdGhfSU1HNi1zY2FsZWQuanBnIiwic2xpZGVzaG93IjoiNzIyMjFmZCJ9\">\n\t\t\t\t\t<div class=\"e-gallery-image elementor-gallery-item__image\" data-thumbnail=\"https:\/\/display-messebau.de\/wp-content\/uploads\/2025\/09\/Caranvan_2025_Booth_IMG6-scaled.jpg\" data-width=\"1800\" data-height=\"2560\" aria-label=\"\" role=\"img\" ><\/div>\n\t\t\t\t\t\t\t\t\t\t\t<div class=\"elementor-gallery-item__overlay\"><\/div>\n\t\t\t\t\t\t\t\t\t\t\t\t\t\t<\/a>\n\t\t\t\t\t<\/div>\n\t\t\t\t\t<\/div>\n\t\t\t\t<\/div>\n\t\t\t\t<\/div>\n\t\t\t\t<\/div>","protected":false},"excerpt":{"rendered":"<p>SURTECO auf dem Caravan Salon 2025 Als Messebauer haben wir den Stand der SURTECO Group auf dem Caravan Salon 2025 von der Planung bis zum Aufbau realisiert. Entstanden ist ein moderner Messestand, der die Markenidentit\u00e4t klar widerspiegelt und durch eine offene, einladende Gestaltung \u00fcberzeugt. Besonderes Augenmerk lag auf der Verbindung von Design und Funktionalit\u00e4t: klare [&hellip;]<\/p>\n","protected":false},"author":3,"featured_media":931,"comment_status":"closed","ping_status":"closed","sticky":false,"template":"","format":"standard","meta":{"footnotes":""},"categories":[19],"tags":[],"class_list":["post-929","post","type-post","status-publish","format-standard","has-post-thumbnail","hentry","category-news"],"yoast_head":"<!-- This site is optimized with the Yoast SEO plugin v27.5 - https:\/\/yoast.com\/product\/yoast-seo-wordpress\/ -->\n<title>SURTECO CARAVAN SALON D\u00dcSSELDORF - Display-Messebau GmbH in Essen<\/title>\n<meta name=\"robots\" content=\"index, follow, max-snippet:-1, max-image-preview:large, max-video-preview:-1\" \/>\n<link rel=\"canonical\" href=\"https:\/\/display-messebau.de\/en\/surteco\/\" \/>\n<meta property=\"og:locale\" content=\"en_GB\" \/>\n<meta property=\"og:type\" content=\"article\" \/>\n<meta property=\"og:title\" content=\"SURTECO CARAVAN SALON D\u00dcSSELDORF - Display-Messebau GmbH in Essen\" \/>\n<meta property=\"og:description\" content=\"SURTECO auf dem Caravan Salon 2025 Als Messebauer haben wir den Stand der SURTECO Group auf dem Caravan Salon 2025 von der Planung bis zum Aufbau realisiert. Entstanden ist ein moderner Messestand, der die Markenidentit\u00e4t klar widerspiegelt und durch eine offene, einladende Gestaltung \u00fcberzeugt. Besonderes Augenmerk lag auf der Verbindung von Design und Funktionalit\u00e4t: klare [&hellip;]\" \/>\n<meta property=\"og:url\" content=\"https:\/\/display-messebau.de\/en\/surteco\/\" \/>\n<meta property=\"og:site_name\" content=\"Display-Messebau GmbH in Essen\" \/>\n<meta property=\"article:publisher\" content=\"https:\/\/www.facebook.com\/profile.php?id=61577078987966\" \/>\n<meta property=\"article:published_time\" content=\"2025-09-02T12:33:39+00:00\" \/>\n<meta property=\"article:modified_time\" content=\"2025-11-08T09:24:18+00:00\" \/>\n<meta property=\"og:image\" content=\"https:\/\/display-messebau.de\/wp-content\/uploads\/2025\/09\/Caranvan_2025_Booth_IMG1-scaled.jpg\" \/>\n\t<meta property=\"og:image:width\" content=\"1800\" \/>\n\t<meta property=\"og:image:height\" content=\"2560\" \/>\n\t<meta property=\"og:image:type\" content=\"image\/jpeg\" \/>\n<meta name=\"author\" content=\"Niederdellmann\" \/>\n<meta name=\"twitter:card\" content=\"summary_large_image\" \/>\n<meta name=\"twitter:label1\" content=\"Written by\" \/>\n\t<meta name=\"twitter:data1\" content=\"Niederdellmann\" \/>\n\t<meta name=\"twitter:label2\" content=\"Estimated reading time\" \/>\n\t<meta name=\"twitter:data2\" content=\"1 minute\" \/>\n<script type=\"application\/ld+json\" class=\"yoast-schema-graph\">{\"@context\":\"https:\\\/\\\/schema.org\",\"@graph\":[{\"@type\":\"Article\",\"@id\":\"https:\\\/\\\/display-messebau.de\\\/surteco\\\/#article\",\"isPartOf\":{\"@id\":\"https:\\\/\\\/display-messebau.de\\\/surteco\\\/\"},\"author\":{\"name\":\"Niederdellmann\",\"@id\":\"https:\\\/\\\/display-messebau.de\\\/#\\\/schema\\\/person\\\/ea79283c963803af238d4bccb17fa2b5\"},\"headline\":\"SURTECO CARAVAN SALON D\u00dcSSELDORF\",\"datePublished\":\"2025-09-02T12:33:39+00:00\",\"dateModified\":\"2025-11-08T09:24:18+00:00\",\"mainEntityOfPage\":{\"@id\":\"https:\\\/\\\/display-messebau.de\\\/surteco\\\/\"},\"wordCount\":96,\"publisher\":{\"@id\":\"https:\\\/\\\/display-messebau.de\\\/#organization\"},\"image\":{\"@id\":\"https:\\\/\\\/display-messebau.de\\\/surteco\\\/#primaryimage\"},\"thumbnailUrl\":\"https:\\\/\\\/display-messebau.de\\\/wp-content\\\/uploads\\\/2025\\\/09\\\/Caranvan_2025_Booth_IMG1-scaled.jpg\",\"articleSection\":[\"News\"],\"inLanguage\":\"en-GB\"},{\"@type\":\"WebPage\",\"@id\":\"https:\\\/\\\/display-messebau.de\\\/surteco\\\/\",\"url\":\"https:\\\/\\\/display-messebau.de\\\/surteco\\\/\",\"name\":\"SURTECO CARAVAN SALON D\u00dcSSELDORF - Display-Messebau GmbH in Essen\",\"isPartOf\":{\"@id\":\"https:\\\/\\\/display-messebau.de\\\/#website\"},\"primaryImageOfPage\":{\"@id\":\"https:\\\/\\\/display-messebau.de\\\/surteco\\\/#primaryimage\"},\"image\":{\"@id\":\"https:\\\/\\\/display-messebau.de\\\/surteco\\\/#primaryimage\"},\"thumbnailUrl\":\"https:\\\/\\\/display-messebau.de\\\/wp-content\\\/uploads\\\/2025\\\/09\\\/Caranvan_2025_Booth_IMG1-scaled.jpg\",\"datePublished\":\"2025-09-02T12:33:39+00:00\",\"dateModified\":\"2025-11-08T09:24:18+00:00\",\"breadcrumb\":{\"@id\":\"https:\\\/\\\/display-messebau.de\\\/surteco\\\/#breadcrumb\"},\"inLanguage\":\"en-GB\",\"potentialAction\":[{\"@type\":\"ReadAction\",\"target\":[\"https:\\\/\\\/display-messebau.de\\\/surteco\\\/\"]}]},{\"@type\":\"ImageObject\",\"inLanguage\":\"en-GB\",\"@id\":\"https:\\\/\\\/display-messebau.de\\\/surteco\\\/#primaryimage\",\"url\":\"https:\\\/\\\/display-messebau.de\\\/wp-content\\\/uploads\\\/2025\\\/09\\\/Caranvan_2025_Booth_IMG1-scaled.jpg\",\"contentUrl\":\"https:\\\/\\\/display-messebau.de\\\/wp-content\\\/uploads\\\/2025\\\/09\\\/Caranvan_2025_Booth_IMG1-scaled.jpg\",\"width\":1800,\"height\":2560},{\"@type\":\"BreadcrumbList\",\"@id\":\"https:\\\/\\\/display-messebau.de\\\/surteco\\\/#breadcrumb\",\"itemListElement\":[{\"@type\":\"ListItem\",\"position\":1,\"name\":\"Startseite\",\"item\":\"https:\\\/\\\/display-messebau.de\\\/\"},{\"@type\":\"ListItem\",\"position\":2,\"name\":\"SURTECO CARAVAN SALON D\u00dcSSELDORF\"}]},{\"@type\":\"WebSite\",\"@id\":\"https:\\\/\\\/display-messebau.de\\\/#website\",\"url\":\"https:\\\/\\\/display-messebau.de\\\/\",\"name\":\"Display-Messebau GmbH in Essen\",\"description\":\"\",\"publisher\":{\"@id\":\"https:\\\/\\\/display-messebau.de\\\/#organization\"},\"potentialAction\":[{\"@type\":\"SearchAction\",\"target\":{\"@type\":\"EntryPoint\",\"urlTemplate\":\"https:\\\/\\\/display-messebau.de\\\/?s={search_term_string}\"},\"query-input\":{\"@type\":\"PropertyValueSpecification\",\"valueRequired\":true,\"valueName\":\"search_term_string\"}}],\"inLanguage\":\"en-GB\"},{\"@type\":\"Organization\",\"@id\":\"https:\\\/\\\/display-messebau.de\\\/#organization\",\"name\":\"Display-Messebau GmbH in Essen\",\"url\":\"https:\\\/\\\/display-messebau.de\\\/\",\"logo\":{\"@type\":\"ImageObject\",\"inLanguage\":\"en-GB\",\"@id\":\"https:\\\/\\\/display-messebau.de\\\/#\\\/schema\\\/logo\\\/image\\\/\",\"url\":\"https:\\\/\\\/display-messebau.de\\\/wp-content\\\/uploads\\\/2025\\\/06\\\/logo-display-neu2.png\",\"contentUrl\":\"https:\\\/\\\/display-messebau.de\\\/wp-content\\\/uploads\\\/2025\\\/06\\\/logo-display-neu2.png\",\"width\":1400,\"height\":533,\"caption\":\"Display-Messebau GmbH in Essen\"},\"image\":{\"@id\":\"https:\\\/\\\/display-messebau.de\\\/#\\\/schema\\\/logo\\\/image\\\/\"},\"sameAs\":[\"https:\\\/\\\/www.facebook.com\\\/profile.php?id=61577078987966\",\"https:\\\/\\\/www.instagram.com\\\/displaymessebaugmbh\\\/\",\"https:\\\/\\\/www.linkedin.com\\\/company\\\/display-messebau-gmbh\\\/\",\"https:\\\/\\\/www.youtube.com\\\/@display-messebau-gmbh\"]},{\"@type\":\"Person\",\"@id\":\"https:\\\/\\\/display-messebau.de\\\/#\\\/schema\\\/person\\\/ea79283c963803af238d4bccb17fa2b5\",\"name\":\"Niederdellmann\",\"image\":{\"@type\":\"ImageObject\",\"inLanguage\":\"en-GB\",\"@id\":\"https:\\\/\\\/secure.gravatar.com\\\/avatar\\\/205f222e4c650f96c1d21ed74acaef3cd9417b7895c75d11f49e7cc01dff48d5?s=96&d=mm&r=g\",\"url\":\"https:\\\/\\\/secure.gravatar.com\\\/avatar\\\/205f222e4c650f96c1d21ed74acaef3cd9417b7895c75d11f49e7cc01dff48d5?s=96&d=mm&r=g\",\"contentUrl\":\"https:\\\/\\\/secure.gravatar.com\\\/avatar\\\/205f222e4c650f96c1d21ed74acaef3cd9417b7895c75d11f49e7cc01dff48d5?s=96&d=mm&r=g\",\"caption\":\"Niederdellmann\"},\"url\":\"https:\\\/\\\/display-messebau.de\\\/en\\\/author\\\/niederdellmann\\\/\"}]}<\/script>\n<!-- \/ Yoast SEO plugin. -->","yoast_head_json":{"title":"SURTECO CARAVAN SALON D\u00dcSSELDORF - Display-Messebau GmbH in Essen","robots":{"index":"index","follow":"follow","max-snippet":"max-snippet:-1","max-image-preview":"max-image-preview:large","max-video-preview":"max-video-preview:-1"},"canonical":"https:\/\/display-messebau.de\/en\/surteco\/","og_locale":"en_GB","og_type":"article","og_title":"SURTECO CARAVAN SALON D\u00dcSSELDORF - Display-Messebau GmbH in Essen","og_description":"SURTECO auf dem Caravan Salon 2025 Als Messebauer haben wir den Stand der SURTECO Group auf dem Caravan Salon 2025 von der Planung bis zum Aufbau realisiert. Entstanden ist ein moderner Messestand, der die Markenidentit\u00e4t klar widerspiegelt und durch eine offene, einladende Gestaltung \u00fcberzeugt. Besonderes Augenmerk lag auf der Verbindung von Design und Funktionalit\u00e4t: klare [&hellip;]","og_url":"https:\/\/display-messebau.de\/en\/surteco\/","og_site_name":"Display-Messebau GmbH in Essen","article_publisher":"https:\/\/www.facebook.com\/profile.php?id=61577078987966","article_published_time":"2025-09-02T12:33:39+00:00","article_modified_time":"2025-11-08T09:24:18+00:00","og_image":[{"width":1800,"height":2560,"url":"https:\/\/display-messebau.de\/wp-content\/uploads\/2025\/09\/Caranvan_2025_Booth_IMG1-scaled.jpg","type":"image\/jpeg"}],"author":"Niederdellmann","twitter_card":"summary_large_image","twitter_misc":{"Written by":"Niederdellmann","Estimated reading time":"1 minute"},"schema":{"@context":"https:\/\/schema.org","@graph":[{"@type":"Article","@id":"https:\/\/display-messebau.de\/surteco\/#article","isPartOf":{"@id":"https:\/\/display-messebau.de\/surteco\/"},"author":{"name":"Niederdellmann","@id":"https:\/\/display-messebau.de\/#\/schema\/person\/ea79283c963803af238d4bccb17fa2b5"},"headline":"SURTECO CARAVAN SALON D\u00dcSSELDORF","datePublished":"2025-09-02T12:33:39+00:00","dateModified":"2025-11-08T09:24:18+00:00","mainEntityOfPage":{"@id":"https:\/\/display-messebau.de\/surteco\/"},"wordCount":96,"publisher":{"@id":"https:\/\/display-messebau.de\/#organization"},"image":{"@id":"https:\/\/display-messebau.de\/surteco\/#primaryimage"},"thumbnailUrl":"https:\/\/display-messebau.de\/wp-content\/uploads\/2025\/09\/Caranvan_2025_Booth_IMG1-scaled.jpg","articleSection":["News"],"inLanguage":"en-GB"},{"@type":"WebPage","@id":"https:\/\/display-messebau.de\/surteco\/","url":"https:\/\/display-messebau.de\/surteco\/","name":"SURTECO CARAVAN SALON D\u00dcSSELDORF - Display-Messebau GmbH in Essen","isPartOf":{"@id":"https:\/\/display-messebau.de\/#website"},"primaryImageOfPage":{"@id":"https:\/\/display-messebau.de\/surteco\/#primaryimage"},"image":{"@id":"https:\/\/display-messebau.de\/surteco\/#primaryimage"},"thumbnailUrl":"https:\/\/display-messebau.de\/wp-content\/uploads\/2025\/09\/Caranvan_2025_Booth_IMG1-scaled.jpg","datePublished":"2025-09-02T12:33:39+00:00","dateModified":"2025-11-08T09:24:18+00:00","breadcrumb":{"@id":"https:\/\/display-messebau.de\/surteco\/#breadcrumb"},"inLanguage":"en-GB","potentialAction":[{"@type":"ReadAction","target":["https:\/\/display-messebau.de\/surteco\/"]}]},{"@type":"ImageObject","inLanguage":"en-GB","@id":"https:\/\/display-messebau.de\/surteco\/#primaryimage","url":"https:\/\/display-messebau.de\/wp-content\/uploads\/2025\/09\/Caranvan_2025_Booth_IMG1-scaled.jpg","contentUrl":"https:\/\/display-messebau.de\/wp-content\/uploads\/2025\/09\/Caranvan_2025_Booth_IMG1-scaled.jpg","width":1800,"height":2560},{"@type":"BreadcrumbList","@id":"https:\/\/display-messebau.de\/surteco\/#breadcrumb","itemListElement":[{"@type":"ListItem","position":1,"name":"Startseite","item":"https:\/\/display-messebau.de\/"},{"@type":"ListItem","position":2,"name":"SURTECO CARAVAN SALON D\u00dcSSELDORF"}]},{"@type":"WebSite","@id":"https:\/\/display-messebau.de\/#website","url":"https:\/\/display-messebau.de\/","name":"Display-Messebau GmbH in Essen","description":"","publisher":{"@id":"https:\/\/display-messebau.de\/#organization"},"potentialAction":[{"@type":"SearchAction","target":{"@type":"EntryPoint","urlTemplate":"https:\/\/display-messebau.de\/?s={search_term_string}"},"query-input":{"@type":"PropertyValueSpecification","valueRequired":true,"valueName":"search_term_string"}}],"inLanguage":"en-GB"},{"@type":"Organization","@id":"https:\/\/display-messebau.de\/#organization","name":"Display-Messebau GmbH in Essen","url":"https:\/\/display-messebau.de\/","logo":{"@type":"ImageObject","inLanguage":"en-GB","@id":"https:\/\/display-messebau.de\/#\/schema\/logo\/image\/","url":"https:\/\/display-messebau.de\/wp-content\/uploads\/2025\/06\/logo-display-neu2.png","contentUrl":"https:\/\/display-messebau.de\/wp-content\/uploads\/2025\/06\/logo-display-neu2.png","width":1400,"height":533,"caption":"Display-Messebau GmbH in Essen"},"image":{"@id":"https:\/\/display-messebau.de\/#\/schema\/logo\/image\/"},"sameAs":["https:\/\/www.facebook.com\/profile.php?id=61577078987966","https:\/\/www.instagram.com\/displaymessebaugmbh\/","https:\/\/www.linkedin.com\/company\/display-messebau-gmbh\/","https:\/\/www.youtube.com\/@display-messebau-gmbh"]},{"@type":"Person","@id":"https:\/\/display-messebau.de\/#\/schema\/person\/ea79283c963803af238d4bccb17fa2b5","name":"Niederdellmann","image":{"@type":"ImageObject","inLanguage":"en-GB","@id":"https:\/\/secure.gravatar.com\/avatar\/205f222e4c650f96c1d21ed74acaef3cd9417b7895c75d11f49e7cc01dff48d5?s=96&d=mm&r=g","url":"https:\/\/secure.gravatar.com\/avatar\/205f222e4c650f96c1d21ed74acaef3cd9417b7895c75d11f49e7cc01dff48d5?s=96&d=mm&r=g","contentUrl":"https:\/\/secure.gravatar.com\/avatar\/205f222e4c650f96c1d21ed74acaef3cd9417b7895c75d11f49e7cc01dff48d5?s=96&d=mm&r=g","caption":"Niederdellmann"},"url":"https:\/\/display-messebau.de\/en\/author\/niederdellmann\/"}]}},"_links":{"self":[{"href":"https:\/\/display-messebau.de\/en\/wp-json\/wp\/v2\/posts\/929","targetHints":{"allow":["GET"]}}],"collection":[{"href":"https:\/\/display-messebau.de\/en\/wp-json\/wp\/v2\/posts"}],"about":[{"href":"https:\/\/display-messebau.de\/en\/wp-json\/wp\/v2\/types\/post"}],"author":[{"embeddable":true,"href":"https:\/\/display-messebau.de\/en\/wp-json\/wp\/v2\/users\/3"}],"replies":[{"embeddable":true,"href":"https:\/\/display-messebau.de\/en\/wp-json\/wp\/v2\/comments?post=929"}],"version-history":[{"count":4,"href":"https:\/\/display-messebau.de\/en\/wp-json\/wp\/v2\/posts\/929\/revisions"}],"predecessor-version":[{"id":942,"href":"https:\/\/display-messebau.de\/en\/wp-json\/wp\/v2\/posts\/929\/revisions\/942"}],"wp:featuredmedia":[{"embeddable":true,"href":"https:\/\/display-messebau.de\/en\/wp-json\/wp\/v2\/media\/931"}],"wp:attachment":[{"href":"https:\/\/display-messebau.de\/en\/wp-json\/wp\/v2\/media?parent=929"}],"wp:term":[{"taxonomy":"category","embeddable":true,"href":"https:\/\/display-messebau.de\/en\/wp-json\/wp\/v2\/categories?post=929"},{"taxonomy":"post_tag","embeddable":true,"href":"https:\/\/display-messebau.de\/en\/wp-json\/wp\/v2\/tags?post=929"}],"curies":[{"name":"wp","href":"https:\/\/api.w.org\/{rel}","templated":true}]}}